{"id":1851,"date":"2020-10-08T11:36:12","date_gmt":"2020-10-08T11:36:12","guid":{"rendered":"https:\/\/tudependencia.com\/?p=1132"},"modified":"2024-04-09T12:08:48","modified_gmt":"2024-04-09T12:08:48","slug":"cuidar-a-persona-dependiente-confinada","status":"publish","type":"post","link":"https:\/\/andalbrok.es\/tudependencia\/cuidar-a-persona-dependiente-confinada\/","title":{"rendered":"Cuidar a una persona dependiente confinada en su municipio."},"content":{"rendered":"\n<p>Tenemos que enfrentarnos a cuidar de una persona dependiente confinada debido a que el pasado 1 de octubre, El M<strong>inisterio de Sanidad<\/strong>, junto con las autoridades de los Gobiernos auton\u00f3micos, acordaron un paquete de <strong>medidas de seguridad<\/strong> de obligado cumplimiento con la intenci\u00f3n de tratar de combatir el avance de la segunda ola de <strong>COVID-19<\/strong> en <strong>Espa\u00f1a<\/strong>.<\/p>\n\n\n\n<p>Los expertos y sanitarios temen que la pandemia de coronavirus se recrudezca con la entrada del oto\u00f1o y la llegada del invierno, as\u00ed como por la creciente aparici\u00f3n de <strong>nuevos casos<\/strong>. Es por ello que se han establecido restricciones en la movilidad en aquellos municipios de <strong>m\u00e1s de 100.000 habitantes<\/strong> donde se registre una mayor incidencia de casos, es decir, de <strong>500 o m\u00e1s casos<\/strong> en las \u00faltimas dos semanas.<\/p>\n\n\n\n<p>Sin embargo, muchas personas que se dedican al cuidado de un paciente en situaci\u00f3n de <strong>dependencia<\/strong>, ya sean cuidadores profesionales o no, se plantean estos d\u00edas que ocurrir\u00e1 con ellos y con quienes atienden si su ciudad o municipio es confinado.<\/p>\n\n\n\n<p>El paquete de medidas de seguridad, el cual puede leerse completo en el <a class=\"enlace-texto\" href=\"https:\/\/www.boe.es\/boe\/dias\/2020\/10\/01\/pdfs\/BOE-A-2020-11590.pdf\" rel=\"follow nofollow noopener\" target=\"_blank\"><strong>Bolet\u00edn Oficial del Estado<\/strong><\/a> (BOE), recoge que los cuidadores y asistentes de dependientes <strong>pueden desplazarse<\/strong> dentro de un municipio afectado y confinado. Seg\u00fan el texto aprobado, el desplazamiento para el cuidado incluye a mayores, menores, personas con discapacidad o especialmente vulnerables.<\/p>\n\n\n\n<figure class=\"wp-block-image alignfull size-large\"><img fetchpriority=\"high\" decoding=\"async\" width=\"1024\" height=\"213\" src=\"https:\/\/andalbrok.es\/tudependencia\/wp-content\/uploads\/sites\/7\/2021\/08\/persona-dependiente-confinada-1024x213.png\" alt=\"persona dependiente confinada\" class=\"wp-image-2576\" srcset=\"https:\/\/andalbrok.es\/tudependencia\/wp-content\/uploads\/sites\/7\/2021\/08\/persona-dependiente-confinada-1024x213.png 1024w, https:\/\/andalbrok.es\/tudependencia\/wp-content\/uploads\/sites\/7\/2021\/08\/persona-dependiente-confinada-300x63.png 300w, https:\/\/andalbrok.es\/tudependencia\/wp-content\/uploads\/sites\/7\/2021\/08\/persona-dependiente-confinada-768x160.png 768w, https:\/\/andalbrok.es\/tudependencia\/wp-content\/uploads\/sites\/7\/2021\/08\/persona-dependiente-confinada.png 1200w\" sizes=\"(max-width: 1024px) 100vw, 1024px\" \/><\/figure>\n\n\n\n<p>A pesar de ello, en el documento aparece que las <strong>CC.AA.<\/strong> est\u00e1n capacitadas para llegar a aplicar medidas<strong> a\u00fan m\u00e1s restrictivas<\/strong> en relaci\u00f3n a las ya conocidas a ra\u00edz de la evoluci\u00f3n que presente la situaci\u00f3n en sus territorios.<\/p>\n\n\n\n<h2 class=\"wp-block-heading\">Medidas para la persona dependiente confinada<\/h2>\n\n\n\n<p>Si estas al cuidado de una persona o mayor en situaci\u00f3n de dependencia y quieres saber <a class=\"enlace-texto\" href=\"https:\/\/andalbrok.es\/tudependencia\/prevencion-para-cuidadores-covid-19\/\"><strong>como tomar precauciones<\/strong><\/a> contra el <strong>SARS-CoV-2<\/strong>, o en el caso que tu paciente est\u00e9<strong> contagiado<\/strong> por el virus y <a class=\"enlace-texto\" href=\"https:\/\/andalbrok.es\/tudependencia\/tratar-paciente-de-covid-19-dependiente\/\"><strong>tengas que cuidarlo<\/strong><\/a>, te animamos a entrar en nuestro <strong>blog<\/strong> y leer las entradas que enlazamos.<\/p>\n","protected":false},"excerpt":{"rendered":"<p>Tenemos que enfrentarnos a cuidar de una persona dependiente confinada debido a que el pasado 1 de octubre, El Ministerio de Sanidad, junto con las autoridades de los Gobiernos auton\u00f3micos, acordaron un paquete de medidas de seguridad de obligado cumplimiento con la intenci\u00f3n de tratar de combatir el avance de la segunda ola de COVID-19 [&hellip;]<\/p>\n","protected":false},"author":1,"featured_media":1133,"comment_status":"closed","ping_status":"open","sticky":false,"template":"","format":"standard","meta":{"_monsterinsights_skip_tracking":false,"_monsterinsights_sitenote_active":false,"_monsterinsights_sitenote_note":"","_monsterinsights_sitenote_category":0,"site-sidebar-layout":"default","site-content-layout":"default","ast-site-content-layout":"default","site-content-style":"default","site-sidebar-style":"default","ast-global-header-display":"","ast-banner-title-visibility":"","ast-main-header-display":"","ast-hfb-above-header-display":"","ast-hfb-below-header-display":"","ast-hfb-mobile-header-display":"","site-post-title":"","ast-breadcrumbs-content":"","ast-featured-img":"","footer-sml-layout":"","ast-disable-related-posts":"","theme-transparent-header-meta":"default","adv-header-id-meta":"","stick-header-meta":"","header-above-stick-meta":"","header-main-stick-meta":"","header-below-stick-meta":"","astra-migrate-meta-layouts":"default","ast-page-background-enabled":"default","ast-page-background-meta":{"desktop":{"background-color":"","background-image":"","background-repeat":"repeat","background-position":"center center","background-size":"auto","background-attachment":"scroll","background-type":"","background-media":"","overlay-type":"","overlay-color":"","overlay-opacity":"","overlay-gradient":""},"tablet":{"background-color":"","background-image":"","background-repeat":"repeat","background-position":"center center","background-size":"auto","background-attachment":"scroll","background-type":"","background-media":"","overlay-type":"","overlay-color":"","overlay-opacity":"","overlay-gradient":""},"mobile":{"background-color":"","background-image":"","background-repeat":"repeat","background-position":"center center","background-size":"auto","background-attachment":"scroll","background-type":"","background-media":"","overlay-type":"","overlay-color":"","overlay-opacity":"","overlay-gradient":""}},"ast-content-background-meta":{"desktop":{"background-color":"var(--ast-global-color-5)","background-image":"","background-repeat":"repeat","background-position":"center center","background-size":"auto","background-attachment":"scroll","background-type":"","background-media":"","overlay-type":"","overlay-color":"","overlay-opacity":"","overlay-gradient":""},"tablet":{"background-color":"var(--ast-global-color-5)","background-image":"","background-repeat":"repeat","background-position":"center center","background-size":"auto","background-attachment":"scroll","background-type":"","background-media":"","overlay-type":"","overlay-color":"","overlay-opacity":"","overlay-gradient":""},"mobile":{"background-color":"var(--ast-global-color-5)","background-image":"","background-repeat":"repeat","background-position":"center center","background-size":"auto","background-attachment":"scroll","background-type":"","background-media":"","overlay-type":"","overlay-color":"","overlay-opacity":"","overlay-gradient":""}},"footnotes":""},"categories":[256],"tags":[51,18,19,20,215,216,116,117,104,16,63,21,65,10,217,218,12,31,219],"class_list":["post-1851","post","type-post","status-publish","format-standard","has-post-thumbnail","hentry","category-cuidados","tag-adaptacion","tag-alzheimer","tag-andalbrok","tag-bienestar","tag-boe","tag-casos","tag-coronavirus","tag-covid-19","tag-cuidador","tag-cuidadores","tag-cuidados","tag-dependencia","tag-dependiente","tag-espana","tag-medidas","tag-sanidad","tag-seguro-de-dependencia","tag-seguros-de-dependencia","tag-virus"],"_links":{"self":[{"href":"https:\/\/andalbrok.es\/tudependencia\/wp-json\/wp\/v2\/posts\/1851","targetHints":{"allow":["GET"]}}],"collection":[{"href":"https:\/\/andalbrok.es\/tudependencia\/wp-json\/wp\/v2\/posts"}],"about":[{"href":"https:\/\/andalbrok.es\/tudependencia\/wp-json\/wp\/v2\/types\/post"}],"author":[{"embeddable":true,"href":"https:\/\/andalbrok.es\/tudependencia\/wp-json\/wp\/v2\/users\/1"}],"replies":[{"embeddable":true,"href":"https:\/\/andalbrok.es\/tudependencia\/wp-json\/wp\/v2\/comments?post=1851"}],"version-history":[{"count":5,"href":"https:\/\/andalbrok.es\/tudependencia\/wp-json\/wp\/v2\/posts\/1851\/revisions"}],"predecessor-version":[{"id":2578,"href":"https:\/\/andalbrok.es\/tudependencia\/wp-json\/wp\/v2\/posts\/1851\/revisions\/2578"}],"wp:featuredmedia":[{"embeddable":true,"href":"https:\/\/andalbrok.es\/tudependencia\/wp-json\/wp\/v2\/media\/1133"}],"wp:attachment":[{"href":"https:\/\/andalbrok.es\/tudependencia\/wp-json\/wp\/v2\/media?parent=1851"}],"wp:term":[{"taxonomy":"category","embeddable":true,"href":"https:\/\/andalbrok.es\/tudependencia\/wp-json\/wp\/v2\/categories?post=1851"},{"taxonomy":"post_tag","embeddable":true,"href":"https:\/\/andalbrok.es\/tudependencia\/wp-json\/wp\/v2\/tags?post=1851"}],"curies":[{"name":"wp","href":"https:\/\/api.w.org\/{rel}","templated":true}]}}